{"id":1001,"date":"2025-08-06T18:41:51","date_gmt":"2025-08-06T16:41:51","guid":{"rendered":"https:\/\/ulmer-freidenker.de\/?p=1001"},"modified":"2025-08-06T19:31:28","modified_gmt":"2025-08-06T17:31:28","slug":"bauernkrieg-1525","status":"publish","type":"post","link":"https:\/\/ulmer-freidenker.de\/?p=1001","title":{"rendered":"Bauernkrieg 1525"},"content":{"rendered":"\n<p>Anmerkungen zur Aufstandsbewegung im Ulmer Winkel und zu Thomas M\u00fcntzer<\/p>\n\n\n\n<p>Mittwoch, 27. August 2025, 19 Uhr<br>Haus der Gewerkschaften Ulm (Kleiner Saal, Weinhof 23, Ulm)<br>Vortrag mit zeitgen\u00f6ssischen Bildern von J\u00fcrgen Klingel<\/p>\n\n\n\n<p>Bauernkrieg 1525<br>Die erste radikale Volkserhebung f\u00fcr Freiheit und Gerechtigkeit in Deutschland war die Erhebung der Bauern vor 500 Jahren.<br>In einer Schrift des Hans Hergot von 1526 hei\u00dft es: \u201eEs sind gesehen drei Tisch in der Welt. Der erste \u00fcberfl\u00fcssig und zu viel drauf, der ander mittelme\u00dfig und ein bequem Notdurft, der dritt ganz notd\u00fcrftig. Do sein gekommen die von den \u00fcberfl\u00fcssigen Tisch und wollten nehmen von dem wenigern Tisch das Brot. Hieraus ergibt sich der Kampf\u2026\u201c<br>Gerechtigkeit in einer friedlosen Welt \u2013 heute so fern und doch so notwendig wie eh und je. Thomas M\u00fcntzer, revolution\u00e4rer Prediger, Reformator und Bauernf\u00fchrer, forderte in der bewegten Zeit des Bauernkrieges Gerechtigkeit f\u00fcr den \u201earm man\u201c; anders als Martin Luther, der es mit den M\u00e4chtigen hielt. M\u00fcntzer: \u201eSieh zu, die Grundsuppe des Wuchers, der Dieberei und Rauberei sein unsere Herren und F\u00fcrsten, nehmen alle Creatur zum Aigentum. Die Visch im Wasser, die V\u00f6gel in der Luft, das Gewechs auf Erden muss alles ihr sein. So sie nun alle Menschen \u2026 den armen Ackermann, Handwerksmann und alles, das da lebt, schinden und schaben \u2026\u201c<br>Wer denkt bei solch scharfer Kritik an der feudalen Welt nicht an unsere heutige, vom Turbo-Kapitalismus getriebene und verw\u00fcstete Welt? Vor 500 Jahren forderten die \u201egewitzt\u201c gewordenen schw\u00e4bischen Bauern Unerh\u00f6rtes: sie wollten nicht l\u00e4nger \u201eaigen leut\u201c sein, sie verlangten \u201edas wir frey seyen und wollen seyn\u201c, dass die \u201eschwer teglich Dienst, die wir missen ton ohne Ma\u00dfen\u201c.<\/p>\n\n\n\n<p>Ernst Bloch zu M\u00fcntzer<br>M\u00fcntzer erfasste am 26. April 1525 sein Sendschreiben an die Allstedter und forderte sie auf, sich den bewaffneten Bauern anzuschlie\u00dfen: \u00bbDran, dran, dieweil das Feuer hei\u00df ist\u00ab, rief er ihnen zu. \u00bbLas-<br>set euer Schwert nit kalt werden, lasset nit verlahmen! Schmiedet pinke-panke auf den Ambossen Nimrods, werft ihnen den Turm zu Boden! Dran, dran, weil ihr Tag habt. Gott geht euch voran, folget, folget!\u00ab Ernst Bloch hat diesen Aufruf in seinem \u00bbGeist der Utopie\u00ab von 1918 \u00bbdas leidvollste und rasendste Revolutionsmanifest aller Zeiten\u00ab genannt.<\/p>\n\n\n\n<p><a href=\"https:\/\/ulmer-freidenker.de\/wp-content\/uploads\/2025\/08\/UF-9-23.pdf\">Flyer<\/a><\/p>\n","protected":false},"excerpt":{"rendered":"<p>Anmerkungen zur Aufstandsbewegung im Ulmer Winkel und zu Thomas M\u00fcntzer Mittwoch, 27. August 2025, 19 UhrHaus der Gewerkschaften Ulm (Kleiner<\/p>\n","protected":false},"author":1,"featured_media":0,"comment_status":"closed","ping_status":"open","sticky":false,"template":"","format":"standard","meta":{"colormag_page_container_layout":"default_layout","colormag_page_sidebar_layout":"default_layout","footnotes":""},"categories":[16],"tags":[170,172,177,173,178,176,175,174],"class_list":["post-1001","post","type-post","status-publish","format-standard","hentry","category-veranstaltung","tag-12artikel","tag-bauernfuehrer","tag-500-2","tag-bauerkrieg","tag-bauernkrieg1525-2","tag-bauernkrieg500-2","tag-revolution","tag-volksaufstand"],"_links":{"self":[{"href":"https:\/\/ulmer-freidenker.de\/index.php?rest_route=\/wp\/v2\/posts\/1001","targetHints":{"allow":["GET"]}}],"collection":[{"href":"https:\/\/ulmer-freidenker.de\/index.php?rest_route=\/wp\/v2\/posts"}],"about":[{"href":"https:\/\/ulmer-freidenker.de\/index.php?rest_route=\/wp\/v2\/types\/post"}],"author":[{"embeddable":true,"href":"https:\/\/ulmer-freidenker.de\/index.php?rest_route=\/wp\/v2\/users\/1"}],"replies":[{"embeddable":true,"href":"https:\/\/ulmer-freidenker.de\/index.php?rest_route=%2Fwp%2Fv2%2Fcomments&post=1001"}],"version-history":[{"count":2,"href":"https:\/\/ulmer-freidenker.de\/index.php?rest_route=\/wp\/v2\/posts\/1001\/revisions"}],"predecessor-version":[{"id":1005,"href":"https:\/\/ulmer-freidenker.de\/index.php?rest_route=\/wp\/v2\/posts\/1001\/revisions\/1005"}],"wp:attachment":[{"href":"https:\/\/ulmer-freidenker.de\/index.php?rest_route=%2Fwp%2Fv2%2Fmedia&parent=1001"}],"wp:term":[{"taxonomy":"category","embeddable":true,"href":"https:\/\/ulmer-freidenker.de\/index.php?rest_route=%2Fwp%2Fv2%2Fcategories&post=1001"},{"taxonomy":"post_tag","embeddable":true,"href":"https:\/\/ulmer-freidenker.de\/index.php?rest_route=%2Fwp%2Fv2%2Ftags&post=1001"}],"curies":[{"name":"wp","href":"https:\/\/api.w.org\/{rel}","templated":true}]}}