{"id":1027,"date":"2025-12-10T23:43:20","date_gmt":"2025-12-10T22:43:20","guid":{"rendered":"https:\/\/ulmer-freidenker.de\/?p=1027"},"modified":"2025-12-12T19:41:39","modified_gmt":"2025-12-12T18:41:39","slug":"das-politische-schneiden-hap-grieshaberund-der-bauernkrieg","status":"publish","type":"post","link":"https:\/\/ulmer-freidenker.de\/?p=1027","title":{"rendered":"Das Politische Schneiden. HAP Grieshaber und der Bauernkrieg"},"content":{"rendered":"\n<p>Dienstag, den 30.12.2025<br>Freidenker*innen-Ausfahrt nach Reutlingen mit der Bahn.<br>Abfahrt 9:29\u00a0ab Ulm Hbf | Treffpunkt in Ulm Hbf 9:10 | Treppe<br>Wegen des Tarifdschungels ist jede*r f\u00fcr seine eigene g\u00fcltige Fahrkarte verantwortlich | Wer will kann mit dem PKW anfahren<br>Treffpunkt: Reutlingen Spendhaus.<br>Eine F\u00fchrung ist um 11:00 Uhr im Spendhaus gebucht deshalb mit der Bitte um Anmeldung | info@ulmer-freidenker.de<\/p>\n\n\n\n<p><strong>HAP Grieshaber und der Bauernkrieg<\/strong><br><strong>Das Politische Schneiden<\/strong><br>Der Bauernkrieg vor 500 Jahren war die gr\u00f6\u00dfte Volkserhebung vor der Franz\u00f6sischen Revolution. Dessen Manifest, die im M\u00e4rz 1525 in Memmingen verfassten Zw\u00f6lf Artikel der Bauernschaft, sind nach der Magna Carta das erste schriftliche Dokument in der Geschichte Europas, dem Ideen von Menschen- und Freiheitsrechten zugrunde liegen.<br>HAP Grieshaber (1909 \u2013 1981), der sich durch Herkommen und Anliegen mit der b\u00e4uerlichen Erhebung eng verbunden sah, verstand sich als \u201ahomme engag\u00e9\u2018.<br>Vor 50 Jahren war ihm daher das mangelnde Interesse in der Bundesrepublik am Bauernkriegsjubil\u00e4um ein \u00c4rgernis, das mit dem \u201eBauernkriegsengel\u201c und der Mappe Dran dran, weil ir tag habt zur k\u00fcnstlerischen Tat wurde. Seine Benjamin-Ausgabe von 1955 versieht Grieshaber mit der Randnotiz: \u201eWir Revolution\u00e4re sind Tote auf Urlaub.\u201c<br>Der historische Materialist identifiziere sich, formuliert Benjamin, mit den \u201eGe knechteten\u201c, da\u00a0 die \u201eUnterdr\u00fcckung\u201c im Laufe der Geschichte \u201edie Regel\u201c sei.<br>Der Holzschneider weist im\u00a0\u201eBauernkriegsengel\u201c auf seine Vorfahren, die Bauern des Bauernkriegs, hin und markiert damit\u00a0seinen Standort.<br>In der Tradition der mittelalterlichen Flugblattdrucker ist Grieshaber fest verwurzelt, sieht die publizistische mit der gesellschaftlichen Tendenz verwebt. In Grieshabers \u201eHerrenberger Rede\u201c, die er anl\u00e4sslich des 450. Jahrestages des Malers und Bauernkriegsf\u00fchrers Jerg Ratgeb 1976 h\u00e4lt, zeigt er diesen Zusammenhang auf:\u00a0\u201eFriedhofruhe, Hochgericht und Galgenberg. Die Bauern erschlagen. Die Alt\u00e4re verh\u00fcllt und die\u00a0Flugbl\u00e4tter verbrannt.<\/p>\n\n\n\n<p><\/p>\n\n\n\n<p><\/p>\n\n\n\n<p><\/p>\n","protected":false},"excerpt":{"rendered":"<p>Dienstag, den 30.12.2025Freidenker*innen-Ausfahrt nach Reutlingen mit der Bahn.Abfahrt 9:29\u00a0ab Ulm Hbf | Treffpunkt in Ulm Hbf 9:10 | TreppeWegen des<\/p>\n","protected":false},"author":1,"featured_media":0,"comment_status":"closed","ping_status":"open","sticky":false,"template":"","format":"standard","meta":{"colormag_page_container_layout":"default_layout","colormag_page_sidebar_layout":"default_layout","footnotes":""},"categories":[49,67],"tags":[166,168,167,116,115,198,197],"class_list":["post-1027","post","type-post","status-publish","format-standard","hentry","category-ausfluege","category-ausstellung","tag-bauernkrieg","tag-bauernkrieg1525","tag-bauernkrieg500","tag-freidenker-2","tag-freidenkerinnen-2","tag-grieshaber","tag-hap"],"_links":{"self":[{"href":"https:\/\/ulmer-freidenker.de\/index.php?rest_route=\/wp\/v2\/posts\/1027","targetHints":{"allow":["GET"]}}],"collection":[{"href":"https:\/\/ulmer-freidenker.de\/index.php?rest_route=\/wp\/v2\/posts"}],"about":[{"href":"https:\/\/ulmer-freidenker.de\/index.php?rest_route=\/wp\/v2\/types\/post"}],"author":[{"embeddable":true,"href":"https:\/\/ulmer-freidenker.de\/index.php?rest_route=\/wp\/v2\/users\/1"}],"replies":[{"embeddable":true,"href":"https:\/\/ulmer-freidenker.de\/index.php?rest_route=%2Fwp%2Fv2%2Fcomments&post=1027"}],"version-history":[{"count":2,"href":"https:\/\/ulmer-freidenker.de\/index.php?rest_route=\/wp\/v2\/posts\/1027\/revisions"}],"predecessor-version":[{"id":1030,"href":"https:\/\/ulmer-freidenker.de\/index.php?rest_route=\/wp\/v2\/posts\/1027\/revisions\/1030"}],"wp:attachment":[{"href":"https:\/\/ulmer-freidenker.de\/index.php?rest_route=%2Fwp%2Fv2%2Fmedia&parent=1027"}],"wp:term":[{"taxonomy":"category","embeddable":true,"href":"https:\/\/ulmer-freidenker.de\/index.php?rest_route=%2Fwp%2Fv2%2Fcategories&post=1027"},{"taxonomy":"post_tag","embeddable":true,"href":"https:\/\/ulmer-freidenker.de\/index.php?rest_route=%2Fwp%2Fv2%2Ftags&post=1027"}],"curies":[{"name":"wp","href":"https:\/\/api.w.org\/{rel}","templated":true}]}}