{"id":203,"date":"2019-06-28T15:16:00","date_gmt":"2019-06-28T13:16:00","guid":{"rendered":"https:\/\/ulmer-freidenker.de\/?p=203"},"modified":"2021-04-05T15:39:42","modified_gmt":"2021-04-05T13:39:42","slug":"freidenkerinnen-ausfahrt-nach-biberach-und-zu-christoph-martin-wieland","status":"publish","type":"post","link":"https:\/\/ulmer-freidenker.de\/?p=203","title":{"rendered":"Freidenker:innen-Ausfahrt nach Biberach und zu Christoph Martin Wieland"},"content":{"rendered":"\n<p>Ein kleiner Stadtrundgang durch die sch\u00f6ne historische Altstadt, dazu Anmerkungen zum Biberach von ehedem und heute. Ein Besuch in Wielands erhaltenem Gartenhaus &#8211; er schrieb ebenda Weltliteratur &#8211; woselbst \u201eeine Schale Thee oder Coffee zu trinken\u201c ist: ein Sonntagnachmittag der kurzweiliegen Art.<br>Noch zu Wieland: bedeutender Schriftsteller, \u00dcbersetzer, Prinzenerzieher, Aufkl\u00e4rer und Wegbereiter der Weimaer Klassik.<br>Goethe \u00fcber Wieland: \u201eEr lehnte sich auf gegen alles, was wir unter dem Wort Philisterei zu begreifen gewohnt sind, gegen stockende Pedanterie, kleinst\u00e4dtisches Wesen,&nbsp; k\u00fcmmerliche \u00e4u\u00dfere Sitte, beschr\u00e4nkte Kritik, falsche Spr\u00f6digkeit, platte Behaglichkeit, anma\u00dfliche W\u00fcrde, und wie diese Ungeister, deren Name Legion ist, nur alle zu bezeichnen sein m\u00f6gen.\u201c<br>Wieland: ein Freidenker!<\/p>\n\n\n\n<p>Sonntag, 28. Juli 2019, Treff: 12 Uhr HBF ULM<\/p>\n\n\n\n<p>Flyer als <a href=\"https:\/\/ulmer-freidenker.de\/wp-content\/uploads\/2021\/04\/Ausflug_BC.pdf\" target=\"_blank\" rel=\"noreferrer noopener\">pdf<\/a><\/p>\n","protected":false},"excerpt":{"rendered":"<p>Ein kleiner Stadtrundgang durch die sch\u00f6ne historische Altstadt, dazu Anmerkungen zum Biberach von ehedem und heute. Ein Besuch in Wielands<\/p>\n","protected":false},"author":1,"featured_media":0,"comment_status":"closed","ping_status":"open","sticky":false,"template":"","format":"standard","meta":{"colormag_page_container_layout":"default_layout","colormag_page_sidebar_layout":"default_layout","footnotes":""},"categories":[49,17],"tags":[45,23,46],"class_list":["post-203","post","type-post","status-publish","format-standard","hentry","category-ausfluege","category-freidenkerinnen","tag-biberach","tag-freidenkerinnen","tag-wieland"],"_links":{"self":[{"href":"https:\/\/ulmer-freidenker.de\/index.php?rest_route=\/wp\/v2\/posts\/203","targetHints":{"allow":["GET"]}}],"collection":[{"href":"https:\/\/ulmer-freidenker.de\/index.php?rest_route=\/wp\/v2\/posts"}],"about":[{"href":"https:\/\/ulmer-freidenker.de\/index.php?rest_route=\/wp\/v2\/types\/post"}],"author":[{"embeddable":true,"href":"https:\/\/ulmer-freidenker.de\/index.php?rest_route=\/wp\/v2\/users\/1"}],"replies":[{"embeddable":true,"href":"https:\/\/ulmer-freidenker.de\/index.php?rest_route=%2Fwp%2Fv2%2Fcomments&post=203"}],"version-history":[{"count":1,"href":"https:\/\/ulmer-freidenker.de\/index.php?rest_route=\/wp\/v2\/posts\/203\/revisions"}],"predecessor-version":[{"id":211,"href":"https:\/\/ulmer-freidenker.de\/index.php?rest_route=\/wp\/v2\/posts\/203\/revisions\/211"}],"wp:attachment":[{"href":"https:\/\/ulmer-freidenker.de\/index.php?rest_route=%2Fwp%2Fv2%2Fmedia&parent=203"}],"wp:term":[{"taxonomy":"category","embeddable":true,"href":"https:\/\/ulmer-freidenker.de\/index.php?rest_route=%2Fwp%2Fv2%2Fcategories&post=203"},{"taxonomy":"post_tag","embeddable":true,"href":"https:\/\/ulmer-freidenker.de\/index.php?rest_route=%2Fwp%2Fv2%2Ftags&post=203"}],"curies":[{"name":"wp","href":"https:\/\/api.w.org\/{rel}","templated":true}]}}