{"id":359,"date":"2021-09-25T21:31:00","date_gmt":"2021-09-25T19:31:00","guid":{"rendered":"https:\/\/ulmer-freidenker.de\/?p=359"},"modified":"2021-10-12T23:35:32","modified_gmt":"2021-10-12T21:35:32","slug":"freidenker-kalender-2022-lob-der-dialektik","status":"publish","type":"post","link":"https:\/\/ulmer-freidenker.de\/?p=359","title":{"rendered":"Freidenker-Kalender 2022 &#8211; Lob der Dialektik"},"content":{"rendered":"\n<p>Alle Jahre wieder gibt es einen Freidenker-Kalender, so auch f\u00fcr 2022.<\/p>\n\n\n\n<p>Darin enthalten sind u.a. Bilder (auch Aquarelle) und Texte zu Galileo Galilei, Wannseekonferenz 1942, Alexandra Kollontai, Spanischer B\u00fcrgerkrieg und Esther Bejarano, \u2026<\/p>\n\n\n\n<p>Es gibt ein Kalendarium, in dem dem Geburts- bzw. Todestage mehr oder weniger bekannter Pers\u00f6nlichkeiten vermerkt sind. Der Freidenker-Kalender ist informativ und fernab der Heile-Welt-Mystik anderer bebilderter Kalendarien!<\/p>\n\n\n\n<p>Der Preis betr\u00e4gt pro Kalender 8.50 Euro + Porto, ab 5 Exemplaren pro St\u00fcck: 6.50 Euro + Porto<br>Bestellm\u00f6glichkeit per <a rel=\"noreferrer noopener\" href=\"mailto:info@ulmer-freidenker.de\" target=\"_blank\">Email<\/a>, postalisch (Freidenkerinnen &amp; Freidenker Ulm\/Neu-Ulm e.V., Postfach 1667, 89006 Ulm) oder telefonisch: 0731\/57176. <\/p>\n\n\n\n<p>Ansicht als <a href=\"https:\/\/ulmer-freidenker.de\/wp-content\/uploads\/2021\/10\/2022_titel_print1-1.pdf\" target=\"_blank\" rel=\"noreferrer noopener\">pdf<\/a>.<\/p>\n","protected":false},"excerpt":{"rendered":"<p>Alle Jahre wieder gibt es einen Freidenker-Kalender, so auch f\u00fcr 2022. Darin enthalten sind u.a. Bilder (auch Aquarelle) und Texte<\/p>\n","protected":false},"author":1,"featured_media":349,"comment_status":"closed","ping_status":"open","sticky":false,"template":"","format":"standard","meta":{"colormag_page_container_layout":"default_layout","colormag_page_sidebar_layout":"default_layout","footnotes":""},"categories":[35],"tags":[32,23,76],"class_list":["post-359","post","type-post","status-publish","format-standard","has-post-thumbnail","hentry","category-freidenkerkalender","tag-freidenker","tag-freidenkerinnen","tag-freidenkerkalender"],"_links":{"self":[{"href":"https:\/\/ulmer-freidenker.de\/index.php?rest_route=\/wp\/v2\/posts\/359","targetHints":{"allow":["GET"]}}],"collection":[{"href":"https:\/\/ulmer-freidenker.de\/index.php?rest_route=\/wp\/v2\/posts"}],"about":[{"href":"https:\/\/ulmer-freidenker.de\/index.php?rest_route=\/wp\/v2\/types\/post"}],"author":[{"embeddable":true,"href":"https:\/\/ulmer-freidenker.de\/index.php?rest_route=\/wp\/v2\/users\/1"}],"replies":[{"embeddable":true,"href":"https:\/\/ulmer-freidenker.de\/index.php?rest_route=%2Fwp%2Fv2%2Fcomments&post=359"}],"version-history":[{"count":2,"href":"https:\/\/ulmer-freidenker.de\/index.php?rest_route=\/wp\/v2\/posts\/359\/revisions"}],"predecessor-version":[{"id":365,"href":"https:\/\/ulmer-freidenker.de\/index.php?rest_route=\/wp\/v2\/posts\/359\/revisions\/365"}],"wp:featuredmedia":[{"embeddable":true,"href":"https:\/\/ulmer-freidenker.de\/index.php?rest_route=\/wp\/v2\/media\/349"}],"wp:attachment":[{"href":"https:\/\/ulmer-freidenker.de\/index.php?rest_route=%2Fwp%2Fv2%2Fmedia&parent=359"}],"wp:term":[{"taxonomy":"category","embeddable":true,"href":"https:\/\/ulmer-freidenker.de\/index.php?rest_route=%2Fwp%2Fv2%2Fcategories&post=359"},{"taxonomy":"post_tag","embeddable":true,"href":"https:\/\/ulmer-freidenker.de\/index.php?rest_route=%2Fwp%2Fv2%2Ftags&post=359"}],"curies":[{"name":"wp","href":"https:\/\/api.w.org\/{rel}","templated":true}]}}