{"id":463,"date":"2023-01-05T14:49:32","date_gmt":"2023-01-05T13:49:32","guid":{"rendered":"https:\/\/ulmer-freidenker.de\/?p=463"},"modified":"2023-01-05T14:55:54","modified_gmt":"2023-01-05T13:55:54","slug":"schon-wieder-krieg","status":"publish","type":"post","link":"https:\/\/ulmer-freidenker.de\/?p=463","title":{"rendered":"Schon wieder Krieg?"},"content":{"rendered":"\n<p><strong>Schon wieder Krieg?  Der Ukraine-Krieg &#8211; Eine Zwischenbilanz.<\/strong><\/p>\n\n\n\n<p>Vortrag von Winfried Wolf, Chefredakteur von &#8222;Lunapark21&#8220; und verantwortlicher Redakteur der &#8222;Zeitung gegen den Krieg&#8220;<br>mit anschl. Diskussion<\/p>\n\n\n\n<p>Dienstag, 17.01.2023 um 19 Uhr<br>vh ulm, EinsteinHaus, Club Orange<\/p>\n\n\n\n<p>Als am 24. Februar 2022 die F\u00fchrung im Kreml den Krieg gegen die Ukraine begann, lagen im Westen fast alle Politikerinnen und Politiker gleich dreifach falsch:<br>Ein solcher Angriffskrieg Russland schien ausgeschlossen. Ein erfolgreicher Widerstand der Ukraine wurde nicht erwartet. Dass der Krieg bald ein Jahr dauern k\u00f6nnte, schien unvorstellbar.<\/p>\n\n\n\n<p>Winfried Wolf, Chefredakteur von &#8222;Lunapark21&#8220; und verantwortlicher Redakteur der &#8222;Zeitung gegen den Krieg&#8220;, analysiert, was die Gr\u00fcnde dieser &#8211; auch seiner eigenen &#8211; Fehleinsch\u00e4tzungen waren. Er unterstreicht die gef\u00e4hrliche Dynamik dieses Kriegs, der &#8211; je l\u00e4nger er gef\u00fchrt wird &#8211; in einen europaweiten und auch in einen atomar gef\u00fchrten Krieg umschlagen kann. Selbstverst\u00e4ndlich ist f\u00fcr ihn die unzweideutige Verurteilung des aggressiven Kurses von Putin und der Kreml-F\u00fchrung.<br>Er kritisiert aber auch die Politik des Westens, mit st\u00e4ndig massiveren Waffenlieferungen den Krieg zu verl\u00e4ngern und im eigenen Land Hochr\u00fcstung zu betreiben. Der Referent liefert eine Skizze f\u00fcr einen Waffenstillstand und f\u00fcr eine Verhandlungsl\u00f6sung.<\/p>\n\n\n\n<p><a href=\"https:\/\/ulmer-freidenker.de\/wp-content\/uploads\/2023\/01\/UF-1_23.pdf\" target=\"_blank\" rel=\"noreferrer noopener\">als pdf<\/a><\/p>\n","protected":false},"excerpt":{"rendered":"<p>Schon wieder Krieg? Der Ukraine-Krieg &#8211; Eine Zwischenbilanz. Vortrag von Winfried Wolf, Chefredakteur von &#8222;Lunapark21&#8220; und verantwortlicher Redakteur der &#8222;Zeitung<\/p>\n","protected":false},"author":1,"featured_media":468,"comment_status":"closed","ping_status":"open","sticky":false,"template":"","format":"standard","meta":{"colormag_page_container_layout":"default_layout","colormag_page_sidebar_layout":"default_layout","footnotes":""},"categories":[17,16],"tags":[32,86,87],"class_list":["post-463","post","type-post","status-publish","format-standard","has-post-thumbnail","hentry","category-freidenkerinnen","category-veranstaltung","tag-freidenker","tag-krieg","tag-ukraine"],"_links":{"self":[{"href":"https:\/\/ulmer-freidenker.de\/index.php?rest_route=\/wp\/v2\/posts\/463","targetHints":{"allow":["GET"]}}],"collection":[{"href":"https:\/\/ulmer-freidenker.de\/index.php?rest_route=\/wp\/v2\/posts"}],"about":[{"href":"https:\/\/ulmer-freidenker.de\/index.php?rest_route=\/wp\/v2\/types\/post"}],"author":[{"embeddable":true,"href":"https:\/\/ulmer-freidenker.de\/index.php?rest_route=\/wp\/v2\/users\/1"}],"replies":[{"embeddable":true,"href":"https:\/\/ulmer-freidenker.de\/index.php?rest_route=%2Fwp%2Fv2%2Fcomments&post=463"}],"version-history":[{"count":2,"href":"https:\/\/ulmer-freidenker.de\/index.php?rest_route=\/wp\/v2\/posts\/463\/revisions"}],"predecessor-version":[{"id":470,"href":"https:\/\/ulmer-freidenker.de\/index.php?rest_route=\/wp\/v2\/posts\/463\/revisions\/470"}],"wp:featuredmedia":[{"embeddable":true,"href":"https:\/\/ulmer-freidenker.de\/index.php?rest_route=\/wp\/v2\/media\/468"}],"wp:attachment":[{"href":"https:\/\/ulmer-freidenker.de\/index.php?rest_route=%2Fwp%2Fv2%2Fmedia&parent=463"}],"wp:term":[{"taxonomy":"category","embeddable":true,"href":"https:\/\/ulmer-freidenker.de\/index.php?rest_route=%2Fwp%2Fv2%2Fcategories&post=463"},{"taxonomy":"post_tag","embeddable":true,"href":"https:\/\/ulmer-freidenker.de\/index.php?rest_route=%2Fwp%2Fv2%2Ftags&post=463"}],"curies":[{"name":"wp","href":"https:\/\/api.w.org\/{rel}","templated":true}]}}