{"id":516,"date":"2023-03-16T00:08:37","date_gmt":"2023-03-15T23:08:37","guid":{"rendered":"https:\/\/ulmer-freidenker.de\/?p=516"},"modified":"2023-04-03T11:15:24","modified_gmt":"2023-04-03T09:15:24","slug":"armut-in-deutschland","status":"publish","type":"post","link":"https:\/\/ulmer-freidenker.de\/?p=516","title":{"rendered":"Armut macht krank \u2013 Krankheit macht arm"},"content":{"rendered":"\n<p>Armut in Deutschland | Armut macht krank \u2013 Krankheit macht arm<\/p>\n\n\n\n<p>Prof. Dr. Gerhard Trabert<\/p>\n\n\n\n<p>Dienstag, 11. April um 17.30 Uhr im Haus der Gewerkschaften Ulm, Am Weinhof 23<\/p>\n\n\n\n<p>Das Gesundheitssystem in Deutschland zeigt zunehmend Versorgungsdefizite und L\u00fccken gegen\u00fcber verschiedenen Personengruppen auf. Dies hat strukturell  bedingte gesundheitsgef\u00e4hrdende Auswirkungen.<br>Das will und kann Prof. Dr. Gerhard Trabert nicht akzeptieren. Seit Jahrzehnten ist es sein wichtigstes Anliegen, diese Missst\u00e4nde in die \u00d6ffentlichkeit zu tragen und zu versuchen, betroffenen Menschen als Sozialarbeiter und Arzt ein St\u00fcck W\u00fcrde zur\u00fcckzugeben.<\/p>\n\n\n\n<p>1997 gr\u00fcndete er den Verein Armut und Gesundheit in Deutschland, f\u00e4hrt seither regelm\u00e4\u00dfig mit einem rollenden Sprechzimmer zu Menschen, die es selbst nicht schaffen, eine Praxis aufzusuchen. F\u00fcr alle anderen ohne oder mit unzureichender Krankenversicherung leitet er die \u201emedizinische Ambulanz ohne Grenzen\u201c, eine Poliklinik mit angeschlossener sozialer Beratung in der Mainzer Innenstadt.<br>In seinem Vortrag \u201eArmut macht krank \u2013 Krankheit macht arm\u201c wird er von seiner t\u00e4glichen Arbeit erz\u00e4hlen, die strukturellen Missst\u00e4nde in unserem Sozial- und Gesundheitssystem erl\u00e4utern und aufzeigen, wie es bessergehen k\u00f6nnte.<\/p>\n\n\n\n<p><a href=\"https:\/\/ulmer-freidenker.de\/wp-content\/uploads\/2023\/04\/UF-4-23-1.pdf\" target=\"_blank\" rel=\"noreferrer noopener\">weitere Informationen<\/a><\/p>\n","protected":false},"excerpt":{"rendered":"<p>Armut in Deutschland | Armut macht krank \u2013 Krankheit macht arm Prof. Dr. Gerhard Trabert Dienstag, 11. April um 17.30<\/p>\n","protected":false},"author":1,"featured_media":0,"comment_status":"closed","ping_status":"open","sticky":false,"template":"","format":"standard","meta":{"colormag_page_container_layout":"default_layout","colormag_page_sidebar_layout":"default_layout","footnotes":""},"categories":[17,16],"tags":[89,90],"class_list":["post-516","post","type-post","status-publish","format-standard","hentry","category-freidenkerinnen","category-veranstaltung","tag-armut","tag-gesundheitssystem"],"_links":{"self":[{"href":"https:\/\/ulmer-freidenker.de\/index.php?rest_route=\/wp\/v2\/posts\/516","targetHints":{"allow":["GET"]}}],"collection":[{"href":"https:\/\/ulmer-freidenker.de\/index.php?rest_route=\/wp\/v2\/posts"}],"about":[{"href":"https:\/\/ulmer-freidenker.de\/index.php?rest_route=\/wp\/v2\/types\/post"}],"author":[{"embeddable":true,"href":"https:\/\/ulmer-freidenker.de\/index.php?rest_route=\/wp\/v2\/users\/1"}],"replies":[{"embeddable":true,"href":"https:\/\/ulmer-freidenker.de\/index.php?rest_route=%2Fwp%2Fv2%2Fcomments&post=516"}],"version-history":[{"count":6,"href":"https:\/\/ulmer-freidenker.de\/index.php?rest_route=\/wp\/v2\/posts\/516\/revisions"}],"predecessor-version":[{"id":532,"href":"https:\/\/ulmer-freidenker.de\/index.php?rest_route=\/wp\/v2\/posts\/516\/revisions\/532"}],"wp:attachment":[{"href":"https:\/\/ulmer-freidenker.de\/index.php?rest_route=%2Fwp%2Fv2%2Fmedia&parent=516"}],"wp:term":[{"taxonomy":"category","embeddable":true,"href":"https:\/\/ulmer-freidenker.de\/index.php?rest_route=%2Fwp%2Fv2%2Fcategories&post=516"},{"taxonomy":"post_tag","embeddable":true,"href":"https:\/\/ulmer-freidenker.de\/index.php?rest_route=%2Fwp%2Fv2%2Ftags&post=516"}],"curies":[{"name":"wp","href":"https:\/\/api.w.org\/{rel}","templated":true}]}}