{"id":599,"date":"2023-10-18T23:30:37","date_gmt":"2023-10-18T21:30:37","guid":{"rendered":"https:\/\/ulmer-freidenker.de\/?p=599"},"modified":"2023-11-02T20:28:47","modified_gmt":"2023-11-02T19:28:47","slug":"freidenker-kalender-2024","status":"publish","type":"post","link":"https:\/\/ulmer-freidenker.de\/?p=599","title":{"rendered":"&#8222;Freidenker-Kalender 2024&#8220;"},"content":{"rendered":"\n<p class=\"has-medium-font-size\"><strong>Freidenker-Kalender 2024 erschienen!<\/strong><\/p>\n\n\n\n<p class=\"has-vivid-red-color has-text-color has-large-font-size\"><strong>&#8222;Lob des Sisyphus&#8220;<\/strong><\/p>\n\n\n\n<p>Alle Jahre wieder kommt \u2013 nein, nicht das Christuskind, dieses gibt es ja nicht! &#8211; der Kalender der Freidenker*innen Ulm\/Neu-Ulm, so auch der f\u00fcr das Jahr 2024.<\/p>\n\n\n\n<p>Die Kalenderbl\u00e4tter sind den unterschiedlichsten Themen gewidmet, u. a. der Befreiung Leningrads von den faschistischen Truppen, dem 75-j\u00e4hrigen Bestehen der Volksrepublik China, Angela Davies, \u2026<\/p>\n\n\n\n<p>Neben Fotos zu den Themen gibt es auch drei Aquarelle.<\/p>\n\n\n\n<p>Das Kalendarium wird erg\u00e4nzt von Geburts- bzw. Sterbedaten dem Freidenkertum nahestehender Pers\u00f6nlichkeiten.<\/p>\n\n\n\n<p>Gewidmet ist der Kalender dem 2004 verstorbenen \u201eUrgestein\u201c der Freidenker Ulm\/Neu-Ulm: Heinz Feuchter.<\/p>\n\n\n\n<p>Der Preis betr\u00e4gt pro Kalender 8.50 Euro + Porto, ab 3 Exemplaren pro St\u00fcck 7.50 Euro + Porto und ab 5 Exemplaren pro St\u00fcck: 6.50 Euro + Porto.<\/p>\n\n\n\n<p><a href=\"https:\/\/ulmer-freidenker.de\/?page_id=92\" data-type=\"link\" data-id=\"https:\/\/ulmer-freidenker.de\/?page_id=92\">weitere Informationen<\/a><\/p>\n\n\n\n<p><a href=\"https:\/\/ulmer-freidenker.de\/wp-content\/uploads\/2023\/10\/2024-titelblatt1.pdf\">Cover<\/a><\/p>\n","protected":false},"excerpt":{"rendered":"<p>Freidenker-Kalender 2024 erschienen! &#8222;Lob des Sisyphus&#8220; Alle Jahre wieder kommt \u2013 nein, nicht das Christuskind, dieses gibt es ja nicht!<\/p>\n","protected":false},"author":1,"featured_media":0,"comment_status":"closed","ping_status":"open","sticky":false,"template":"","format":"standard","meta":{"colormag_page_container_layout":"default_layout","colormag_page_sidebar_layout":"default_layout","footnotes":""},"categories":[35],"tags":[106,32,23,76],"class_list":["post-599","post","type-post","status-publish","format-standard","hentry","category-freidenkerkalender","tag-106","tag-freidenker","tag-freidenkerinnen","tag-freidenkerkalender"],"_links":{"self":[{"href":"https:\/\/ulmer-freidenker.de\/index.php?rest_route=\/wp\/v2\/posts\/599","targetHints":{"allow":["GET"]}}],"collection":[{"href":"https:\/\/ulmer-freidenker.de\/index.php?rest_route=\/wp\/v2\/posts"}],"about":[{"href":"https:\/\/ulmer-freidenker.de\/index.php?rest_route=\/wp\/v2\/types\/post"}],"author":[{"embeddable":true,"href":"https:\/\/ulmer-freidenker.de\/index.php?rest_route=\/wp\/v2\/users\/1"}],"replies":[{"embeddable":true,"href":"https:\/\/ulmer-freidenker.de\/index.php?rest_route=%2Fwp%2Fv2%2Fcomments&post=599"}],"version-history":[{"count":7,"href":"https:\/\/ulmer-freidenker.de\/index.php?rest_route=\/wp\/v2\/posts\/599\/revisions"}],"predecessor-version":[{"id":639,"href":"https:\/\/ulmer-freidenker.de\/index.php?rest_route=\/wp\/v2\/posts\/599\/revisions\/639"}],"wp:attachment":[{"href":"https:\/\/ulmer-freidenker.de\/index.php?rest_route=%2Fwp%2Fv2%2Fmedia&parent=599"}],"wp:term":[{"taxonomy":"category","embeddable":true,"href":"https:\/\/ulmer-freidenker.de\/index.php?rest_route=%2Fwp%2Fv2%2Fcategories&post=599"},{"taxonomy":"post_tag","embeddable":true,"href":"https:\/\/ulmer-freidenker.de\/index.php?rest_route=%2Fwp%2Fv2%2Ftags&post=599"}],"curies":[{"name":"wp","href":"https:\/\/api.w.org\/{rel}","templated":true}]}}