{"id":73,"date":"2020-10-14T22:03:00","date_gmt":"2020-10-14T20:03:00","guid":{"rendered":"https:\/\/ulmer-freidenker.de\/?p=73"},"modified":"2021-04-05T13:13:24","modified_gmt":"2021-04-05T11:13:24","slug":"freidenker-kalender-2021-engel-der-geschichte","status":"publish","type":"post","link":"https:\/\/ulmer-freidenker.de\/?p=73","title":{"rendered":"Freidenker-Kalender 2021: ENGEL DER GESCHICHTE"},"content":{"rendered":"\n<p>Freidenker-Kalender 2021unter dem Motto: ENGEL DER GESCHICHTE erschienen!<\/p>\n\n\n\n<div class=\"wp-block-image is-style-default\"><figure class=\"alignright is-resized\"><img loading=\"lazy\" decoding=\"async\" src=\"https:\/\/scontent-muc2-1.xx.fbcdn.net\/v\/t1.6435-9\/123003029_1562283297312656_7195539846634623231_n.png?_nc_cat=102&amp;ccb=1-3&amp;_nc_sid=730e14&amp;_nc_ohc=V4XhAxzLvxUAX8Q-8YJ&amp;_nc_ht=scontent-muc2-1.xx&amp;oh=fe0fa4252a1a97304a33f7b08795a2e9&amp;oe=608CC685\" alt=\"Ist m\u00f6glicherweise Kunst von 3 Personen, Jacken und M\u00e4ntel und Text \u201eFREIDENKER KALENDER 2021 ENGEL DER \u201eEs gibt ein Bild von Klee, das Angelus No- hei\u00dft. Engel ist darauf dargestellt, ussieht, w\u00e4re Begriff, sich GESCHICHTE etwas entfernen, worauf starrt. Seine aufgerissen, sein ausgespannt. Der Er Antlitz Vergangenheit zugewen- det. eine Begebenheiten uns erscheint, sieht eine einzige Katastro- phe, Tr\u00fcmmer auf Tr\u00fcmmer hauft und ihm Fo\u00dfe schleudert. Er m\u00f6chte wohl weilen, Toten wecken und das Zerschlagene Aber Sturm vom Paradiese her, seinen Fl\u00fcgeln verfangen st, schlie\u00dfen Dieser Sturm ihn unaufhaltsam die Zukunft, kehrt, w\u00e4hrend Tr\u00fcmmerhaufen zum Himmel w\u00e4chst. Das, was Fortschritt nennen, Sturm.&quot; Walter den Geschichte (1940), These IX[11] Begriff aich\u201c\" width=\"282\" height=\"403\"\/><\/figure><\/div>\n\n\n\n<p>Wie am Ende jeden Jahres steht, so zeigt die Erfahrung, ein neues bevor und damit auch ein nigelnagelneuer Freidenker-Kalender.<\/p>\n\n\n\n<p>F\u00fcr 2021 enth\u00e4lt er Fotos, Aquarelle und Texte zu Vorkommnissen und Personen, die 2021 einen &#8222;runden Geburtstag&#8220; feiern w\u00fcrden nebst? nat\u00fcrlich! &#8211; einem Kalendarium, auf dem Geburts- bzw. Todestage mehr oder weniger bekannter Pers\u00f6nlichkeiten vermerkt sind.Z.B: Patrice Lumumba, Willi Sitte, John Most, Frauen der Pariser Commune, Else Kienle, Friedrich Hecker, Emiliano Zapata.<\/p>\n\n\n\n<p>Der Kalender hat das Format DIN A 4, 15 Seiten durchgehend farbig, Spiralbindung.<br>Preis per St\u00fcck 8.50 Euro, ab 5 Ex. 6.50 Euro + Porto und ist ab sofort erh\u00e4ltlich bei:<br>Freidenkerinnen &amp; Freidenker Ulm\/Neu-Ulm e.V., Postfach 1667, 89006 Ulm<br><a href=\"mailto:info@ulmer-freidenker.de\" data-type=\"mailto\" data-id=\"mailto:info@ulmer-freidenker.de\">per E-Mail<\/a> oder Telefon 0731\/57176<\/p>\n","protected":false},"excerpt":{"rendered":"<p>Freidenker-Kalender 2021unter dem Motto: ENGEL DER GESCHICHTE erschienen! Wie am Ende jeden Jahres steht, so zeigt die Erfahrung, ein neues<\/p>\n","protected":false},"author":1,"featured_media":0,"comment_status":"closed","ping_status":"open","sticky":false,"template":"","format":"standard","meta":{"colormag_page_container_layout":"default_layout","colormag_page_sidebar_layout":"default_layout","footnotes":""},"categories":[17,35],"tags":[23,37,36],"class_list":["post-73","post","type-post","status-publish","format-standard","hentry","category-freidenkerinnen","category-freidenkerkalender","tag-freidenkerinnen","tag-kalender2021","tag-neuulm"],"_links":{"self":[{"href":"https:\/\/ulmer-freidenker.de\/index.php?rest_route=\/wp\/v2\/posts\/73","targetHints":{"allow":["GET"]}}],"collection":[{"href":"https:\/\/ulmer-freidenker.de\/index.php?rest_route=\/wp\/v2\/posts"}],"about":[{"href":"https:\/\/ulmer-freidenker.de\/index.php?rest_route=\/wp\/v2\/types\/post"}],"author":[{"embeddable":true,"href":"https:\/\/ulmer-freidenker.de\/index.php?rest_route=\/wp\/v2\/users\/1"}],"replies":[{"embeddable":true,"href":"https:\/\/ulmer-freidenker.de\/index.php?rest_route=%2Fwp%2Fv2%2Fcomments&post=73"}],"version-history":[{"count":4,"href":"https:\/\/ulmer-freidenker.de\/index.php?rest_route=\/wp\/v2\/posts\/73\/revisions"}],"predecessor-version":[{"id":116,"href":"https:\/\/ulmer-freidenker.de\/index.php?rest_route=\/wp\/v2\/posts\/73\/revisions\/116"}],"wp:attachment":[{"href":"https:\/\/ulmer-freidenker.de\/index.php?rest_route=%2Fwp%2Fv2%2Fmedia&parent=73"}],"wp:term":[{"taxonomy":"category","embeddable":true,"href":"https:\/\/ulmer-freidenker.de\/index.php?rest_route=%2Fwp%2Fv2%2Fcategories&post=73"},{"taxonomy":"post_tag","embeddable":true,"href":"https:\/\/ulmer-freidenker.de\/index.php?rest_route=%2Fwp%2Fv2%2Ftags&post=73"}],"curies":[{"name":"wp","href":"https:\/\/api.w.org\/{rel}","templated":true}]}}