{"id":866,"date":"2025-02-18T23:03:03","date_gmt":"2025-02-18T22:03:03","guid":{"rendered":"https:\/\/ulmer-freidenker.de\/?p=866"},"modified":"2025-02-20T21:07:51","modified_gmt":"2025-02-20T20:07:51","slug":"8-mai-1945-8-mai-2025-tag-der-befreiung-vom-faschismus","status":"publish","type":"post","link":"https:\/\/ulmer-freidenker.de\/?p=866","title":{"rendered":"8. Mai 1945 | 8. Mai 2025 &#8211; Tag der Befreiung vom Faschismus"},"content":{"rendered":"\n<p>Festakt mit La Desband\u00e1 aus Turin &#8211; LIEDER GEGEN DEN KRIEG<\/p>\n\n\n\n<figure class=\"wp-block-image alignright size-full is-resized\"><img loading=\"lazy\" decoding=\"async\" width=\"516\" height=\"716\" src=\"https:\/\/ulmer-freidenker.de\/wp-content\/uploads\/2025\/02\/sharepic_08_Mai_2025_ganz.jpg\" alt=\"\" class=\"wp-image-882\" style=\"width:320px;height:auto\" srcset=\"https:\/\/ulmer-freidenker.de\/wp-content\/uploads\/2025\/02\/sharepic_08_Mai_2025_ganz.jpg 516w, https:\/\/ulmer-freidenker.de\/wp-content\/uploads\/2025\/02\/sharepic_08_Mai_2025_ganz-216x300.jpg 216w\" sizes=\"auto, (max-width: 516px) 100vw, 516px\" \/><\/figure>\n\n\n\n<p>Ansprache: Martin Ansbacher, OB der Stadt Ulm<br>Gru\u00dfwort: Nicola Wenge, wiss. Leitung des DZOK<\/p>\n\n\n\n<p>Donnerstag 08. Mai 2025 | 19 Uhr | Stadthaus Ulm<\/p>\n\n\n\n<p>Eintritt: 15,-\u20ac | erm\u00e4\u00dfigt: 10,-\u20ac<\/p>\n\n\n\n<p>Das Turiner Trio \u201eLa Desband\u00e1\u201c spielt international bekannte Lieder des Widerstands gegen das Franco-Regimes, die Nazidiktatur und antifaschistische Lieder.<br>Mit \u201eDesband\u00e1\u201c bezeichnet der Volksmund in Andalusien ein w\u00e4hrend des spanischen B\u00fcrgerkriegs begangenes Massaker vom 08.02.1937 an rund 5000 Zivilisten, die von Malaga nach Almeria flohen. \u201eMit dem Namen La Desband\u00e1 wollen wir an eine der blutigsten Gr\u00e4ueltaten in Spanien erinnern: Die Brutalit\u00e4t und die gro\u00dfe Zahl an Opfern darf niemals vergessen werden.\u201c<\/p>\n\n\n\n<p>Veranstalter*innen: Freidenkerinnen und Freidenker Ulm\/Neu-Ulm e.V., NaturFreunde Ulm, Vereinigung der Verfolgten des Naziregimes \u2013 Bund der AntifaschistInnen VVN-BdA Ulm, DZOK &#8211; Dokumentationszentrum Oberer Kuhberg<\/p>\n\n\n\n<p><a href=\"https:\/\/ulmer-freidenker.de\/wp-content\/uploads\/2025\/02\/8.5.2025-3.pdf\">Fleyer (pdf)<\/a><\/p>\n\n\n\n<p><\/p>\n","protected":false},"excerpt":{"rendered":"<p>Festakt mit La Desband\u00e1 aus Turin &#8211; LIEDER GEGEN DEN KRIEG Ansprache: Martin Ansbacher, OB der Stadt UlmGru\u00dfwort: Nicola Wenge,<\/p>\n","protected":false},"author":1,"featured_media":884,"comment_status":"closed","ping_status":"open","sticky":false,"template":"","format":"standard","meta":{"colormag_page_container_layout":"default_layout","colormag_page_sidebar_layout":"default_layout","footnotes":""},"categories":[16],"tags":[136,82,58],"class_list":["post-866","post","type-post","status-publish","format-standard","has-post-thumbnail","hentry","category-veranstaltung","tag-8mai-2","tag-8mai","tag-tag-der-befreiung-vom-faschismus"],"_links":{"self":[{"href":"https:\/\/ulmer-freidenker.de\/index.php?rest_route=\/wp\/v2\/posts\/866","targetHints":{"allow":["GET"]}}],"collection":[{"href":"https:\/\/ulmer-freidenker.de\/index.php?rest_route=\/wp\/v2\/posts"}],"about":[{"href":"https:\/\/ulmer-freidenker.de\/index.php?rest_route=\/wp\/v2\/types\/post"}],"author":[{"embeddable":true,"href":"https:\/\/ulmer-freidenker.de\/index.php?rest_route=\/wp\/v2\/users\/1"}],"replies":[{"embeddable":true,"href":"https:\/\/ulmer-freidenker.de\/index.php?rest_route=%2Fwp%2Fv2%2Fcomments&post=866"}],"version-history":[{"count":7,"href":"https:\/\/ulmer-freidenker.de\/index.php?rest_route=\/wp\/v2\/posts\/866\/revisions"}],"predecessor-version":[{"id":888,"href":"https:\/\/ulmer-freidenker.de\/index.php?rest_route=\/wp\/v2\/posts\/866\/revisions\/888"}],"wp:featuredmedia":[{"embeddable":true,"href":"https:\/\/ulmer-freidenker.de\/index.php?rest_route=\/wp\/v2\/media\/884"}],"wp:attachment":[{"href":"https:\/\/ulmer-freidenker.de\/index.php?rest_route=%2Fwp%2Fv2%2Fmedia&parent=866"}],"wp:term":[{"taxonomy":"category","embeddable":true,"href":"https:\/\/ulmer-freidenker.de\/index.php?rest_route=%2Fwp%2Fv2%2Fcategories&post=866"},{"taxonomy":"post_tag","embeddable":true,"href":"https:\/\/ulmer-freidenker.de\/index.php?rest_route=%2Fwp%2Fv2%2Ftags&post=866"}],"curies":[{"name":"wp","href":"https:\/\/api.w.org\/{rel}","templated":true}]}}