{"id":923,"date":"2025-05-09T13:41:25","date_gmt":"2025-05-09T11:41:25","guid":{"rendered":"https:\/\/ulmer-freidenker.de\/?p=923"},"modified":"2025-05-13T16:07:48","modified_gmt":"2025-05-13T14:07:48","slug":"lieder-gegen-den-krieg-festakt-zum-80-jahrestag-der-befreiung-vom-faschismus","status":"publish","type":"post","link":"https:\/\/ulmer-freidenker.de\/?p=923","title":{"rendered":"Lieder gegen den Krieg &#8211; Festakt zum 80. Jahrestag der Befreiung vom Faschismus"},"content":{"rendered":"\n<p>Mit einem w\u00fcrdigen Festakt gedachten gestern \u00fcber rund 150 Ulmerinnen und Ulmer dem Tag der Befreiung vom Faschismus. Im Stadthaus Ulm fand aus Anlass des 80. Jahrestag der Befreiung vom Faschismus eine Veranstaltung der Freidenkerinnen &amp; Freidenker Ulm\/Neu-Ulm, des Dokumentationszentrum Oberer Kuhberg (DZOK), der Vereinigung der Verfolgten des Naziregimes-Bund der AntifaschistInnen (VVN-BdA) Ulm und der NaturFreunde statt.<\/p>\n\n\n\n<p>Der Ulmer Oberb\u00fcrgermeister Martin Ansbacher (SPD) und Dr. Nicola Wenge, die wissenschaftliche Leitung des DZOK hielten zwei Reden, die neben dem Erinnern und Gedenken gerade jetzt den Blick in die Zukunft richteten und Hier und Heute ein Einstehen f\u00fcr Demokratie und Frieden als Lehre aus der NS Diktatur forderten. Moderiert wurde der Festakt von Claudia Feuchter, der stellvertretenden Vorsitzenden der Freidenkerinnen &amp; Freidenker Ulm\/Neu-Ulm.<\/p>\n\n\n\n<p>In einer klaren und teilweise emotionalen, die gegen derzeitig geschichtsverleugnenden Tendenzen zur\u00fcckweisenden Rede, zeigte Martin Ansbacher die Entwicklung der Situation in Ulm w\u00e4hrend und nach der Zeit des Faschismus auf. So erinnerte er unter anderem an den Ulmer Einsatzgruppenprozess von 1958. Dies war der erste Prozess wegen NS-Verbrechen im besetzten Osteuropa, der vor einem deutschen Gericht verhandelt wurde.<br>Martin Ansbacher machte auch deutlich, dass die Ulmerinnen und Ulmer sich klar gegen rechtsextreme Tendenzen stellen und dr\u00fcckte seien Stolz darauf auf, dass B\u00fcrgerinnen und B\u00fcrger sich gegen Faschismus, Fremdenhass und Ausgrenzung engagieren. Beispielhaft nannte er die zehntausenden Demonstrantinnen und Demonstranten, die im Februar dieses Jahres, aber auch vor einem Jahr gegen Rechtsextremismus auf dem Ulmer M\u00fcnsterplatz demonstrierten.<br>Ebenfalls erinnerte der Oberb\u00fcrgermeister an die Aufbauleistung der Ulmerinnen und Ulmer nach dem Zusammenbruch der NS Diktatur, die eine zerst\u00f6rte Stadt wiederaufbauten und eine demokratische Nachkriegsb\u00fcrgergesellschaften etablierten. Hierbei hob er das in Ulm starke und wichtige zivilgesellschaftliche Engagement hervor.<\/p>\n\n\n\n<p>Nicola Wenge lenkte den Blick auf den Umgang mit dem 08. Mai und dessen Bedeutung f\u00fcr die verschiedenen Menschen auch in Ulm. Sie ging darauf ein, wer befreit wurde, wer sich befreit f\u00fchlte und lenkte auch den Blick auf die Realit\u00e4t, dass viele den Tag als Niederlage und Zusammenbruch ihrer Weltordnung und ihrer Ideologie empfanden. Dabei lie\u00df sie in ihrer engagierten Rede die Betroffenen selbst zu Wortkommen. Politisch und religi\u00f6s Verfolgte und Zwangsarbeiterinnen. Sie erinnerte an den 8. Mai vor 40 Jahren, an dem Bundespr\u00e4sident Richard von Weizs\u00e4cker in einer Gedenkstunde vor dem Deutschen Bundestag in Bonn seine historische Rede hielt und einen Paradigmenwechsel bei der Betrachtung der 8. Mai herbeif\u00fchrte. Erst seit diesem Tag \u00e4nderte sich der Blick auf den 8. Mai in der breiten \u00d6ffentlichkeit von der Niederlage auf den Tag der Befreiung, der in allen anderen europ\u00e4ischen L\u00e4ndern schon immer als Befreiung gefeiert wird. Auch Nicola Wenge forderte auf, nicht nur zu erinnern, sondern auch Konsequenzen im heutigen Handeln zu ziehen. Hier zitierte sie Esther Bejarano, zu deren Ehren am gestrigen Tag in Neu-Ulm ein Platz benannt wurde, unter anderem mit der Forderung: Der 8. Mai muss ein Feiertag werden.<\/p>\n\n\n\n<p>Nach den Reden spielte das Turiner Trio \u201eLa Desband\u00e1\u201c Lieder des Widerstands gegen das Franco-Regimes, die Nazidiktatur sowie antifaschistische und Antikriegslieder. Das begeisterte Publikum sang die bekannteren Lieder mit und beging neben allem Nachdenklichen und dem Erinnern einen fr\u00f6hlichen Tag der Befreiung vom Faschismus.<\/p>\n\n\n\n<p>Im Anschluss an die Veranstaltung hatten die Besucherinnen und Besucher noch die M\u00f6glichkeit, sich \u00fcber die ausrichtenden Organisationen zu informieren.<\/p>\n\n\n\n<figure class=\"wp-block-embed is-type-video is-provider-youtube wp-block-embed-youtube wp-embed-aspect-16-9 wp-has-aspect-ratio\"><div class=\"wp-block-embed__wrapper\">\n<iframe loading=\"lazy\" title=\"La Desband\u00e1 - Festa Grande di Aprile * In\u00e9s * El Paso del Ebro\" width=\"800\" height=\"450\" src=\"https:\/\/www.youtube.com\/embed\/0TAke1W7pQU?feature=oembed\" frameborder=\"0\" allow=\"accelerometer; autoplay; clipboard-write; encrypted-media; gyroscope; picture-in-picture; web-share\" referrerpolicy=\"strict-origin-when-cross-origin\" allowfullscreen><\/iframe>\n<\/div><\/figure>\n\n\n\n<figure class=\"wp-block-embed is-type-video is-provider-youtube wp-block-embed-youtube wp-embed-aspect-16-9 wp-has-aspect-ratio\"><div class=\"wp-block-embed__wrapper\">\n<iframe loading=\"lazy\" title=\"La Desband\u00e1 - Die Moorsoldaten (Text: Johann Esser und Wolfgang Langhoff. Musik: Rudi Goguel)\" width=\"800\" height=\"450\" src=\"https:\/\/www.youtube.com\/embed\/2DHzAVsypI4?feature=oembed\" frameborder=\"0\" allow=\"accelerometer; autoplay; clipboard-write; encrypted-media; gyroscope; picture-in-picture; web-share\" referrerpolicy=\"strict-origin-when-cross-origin\" allowfullscreen><\/iframe>\n<\/div><\/figure>\n\n\n\n<figure class=\"wp-block-gallery has-nested-images columns-default is-cropped wp-block-gallery-1 is-layout-flex wp-block-gallery-is-layout-flex\">\n<figure class=\"wp-block-image size-large\"><img loading=\"lazy\" decoding=\"async\" width=\"768\" height=\"1024\" data-id=\"934\" src=\"https:\/\/ulmer-freidenker.de\/wp-content\/uploads\/2025\/05\/IMG_20250508_192435-768x1024.jpg\" alt=\"Auf dem Bild ist der Oberb\u00fcrgermeister der Stadt Ulm bei seine Rede zum 80. Jahrestag der Befreiung vom Faschismus im Stadthaus Ulm zu sehen. Eine engagierte und teilweise emotionale Rede. Foto: Johannes Glembek\" class=\"wp-image-934\" srcset=\"https:\/\/ulmer-freidenker.de\/wp-content\/uploads\/2025\/05\/IMG_20250508_192435-768x1024.jpg 768w, https:\/\/ulmer-freidenker.de\/wp-content\/uploads\/2025\/05\/IMG_20250508_192435-225x300.jpg 225w, https:\/\/ulmer-freidenker.de\/wp-content\/uploads\/2025\/05\/IMG_20250508_192435-1152x1536.jpg 1152w, https:\/\/ulmer-freidenker.de\/wp-content\/uploads\/2025\/05\/IMG_20250508_192435-1536x2048.jpg 1536w, https:\/\/ulmer-freidenker.de\/wp-content\/uploads\/2025\/05\/IMG_20250508_192435-scaled.jpg 1920w\" sizes=\"auto, (max-width: 768px) 100vw, 768px\" \/><\/figure>\n\n\n\n<figure class=\"wp-block-image size-large\"><img loading=\"lazy\" decoding=\"async\" width=\"1024\" height=\"577\" data-id=\"941\" src=\"https:\/\/ulmer-freidenker.de\/wp-content\/uploads\/2025\/05\/P1144407_small-1024x577.jpg\" alt=\"Auf dem Bild ist der Oberb\u00fcrgermeister der Stadt Ulm bei seine Rede zum 80. Jahrestag der Befreiung vom Faschismus im Stadthaus Ulm zu sehen. Eine engagierte und teilweise emotionale Rede. Foto: Konrad Sedding\" class=\"wp-image-941\" srcset=\"https:\/\/ulmer-freidenker.de\/wp-content\/uploads\/2025\/05\/P1144407_small-1024x577.jpg 1024w, https:\/\/ulmer-freidenker.de\/wp-content\/uploads\/2025\/05\/P1144407_small-300x169.jpg 300w, https:\/\/ulmer-freidenker.de\/wp-content\/uploads\/2025\/05\/P1144407_small-768x433.jpg 768w, https:\/\/ulmer-freidenker.de\/wp-content\/uploads\/2025\/05\/P1144407_small-1536x865.jpg 1536w, https:\/\/ulmer-freidenker.de\/wp-content\/uploads\/2025\/05\/P1144407_small.jpg 1917w\" sizes=\"auto, (max-width: 1024px) 100vw, 1024px\" \/><\/figure>\n\n\n\n<figure class=\"wp-block-image size-large\"><img loading=\"lazy\" decoding=\"async\" width=\"768\" height=\"1024\" data-id=\"935\" src=\"https:\/\/ulmer-freidenker.de\/wp-content\/uploads\/2025\/05\/IMG_20250508_192924-768x1024.jpg\" alt=\"Auf dem Bild ist Dr. Nicola Wenge, Historikerin und wissenschaftliche Leitung des DZOK, bei ihrer Rede zum 80. Jahrestag der Befreiung vom Faschismus im Stadthaus Ulm zu sehen. Eine sehr differenzierte Betrachtung der Bedeutung und Einsch\u00e4tzung des 08. Mai und seiner Bedeutung. Foto: Johannes Glembek\" class=\"wp-image-935\" srcset=\"https:\/\/ulmer-freidenker.de\/wp-content\/uploads\/2025\/05\/IMG_20250508_192924-768x1024.jpg 768w, https:\/\/ulmer-freidenker.de\/wp-content\/uploads\/2025\/05\/IMG_20250508_192924-225x300.jpg 225w, https:\/\/ulmer-freidenker.de\/wp-content\/uploads\/2025\/05\/IMG_20250508_192924-1152x1536.jpg 1152w, https:\/\/ulmer-freidenker.de\/wp-content\/uploads\/2025\/05\/IMG_20250508_192924-1536x2048.jpg 1536w, https:\/\/ulmer-freidenker.de\/wp-content\/uploads\/2025\/05\/IMG_20250508_192924-scaled.jpg 1920w\" sizes=\"auto, (max-width: 768px) 100vw, 768px\" \/><\/figure>\n\n\n\n<figure class=\"wp-block-image size-large\"><img loading=\"lazy\" decoding=\"async\" width=\"1024\" height=\"577\" data-id=\"943\" src=\"https:\/\/ulmer-freidenker.de\/wp-content\/uploads\/2025\/05\/P1144446_small-1024x577.jpg\" alt=\"Auf dem Bild ist Dr. Nicola Wenge, Historikerin und wissenschaftliche Leitung des DZOK, bei ihrer Rede zum 80. Jahrestag der Befreiung vom Faschismus im Stadthaus Ulm zu sehen. Eine sehr differenzierte Betrachtung der Bedeutung und Einsch\u00e4tzung des 08. Mai und seiner Bedeutung. Foto: Konrad Sedding\" class=\"wp-image-943\" srcset=\"https:\/\/ulmer-freidenker.de\/wp-content\/uploads\/2025\/05\/P1144446_small-1024x577.jpg 1024w, https:\/\/ulmer-freidenker.de\/wp-content\/uploads\/2025\/05\/P1144446_small-300x169.jpg 300w, https:\/\/ulmer-freidenker.de\/wp-content\/uploads\/2025\/05\/P1144446_small-768x433.jpg 768w, https:\/\/ulmer-freidenker.de\/wp-content\/uploads\/2025\/05\/P1144446_small-1536x865.jpg 1536w, https:\/\/ulmer-freidenker.de\/wp-content\/uploads\/2025\/05\/P1144446_small.jpg 1917w\" sizes=\"auto, (max-width: 1024px) 100vw, 1024px\" \/><\/figure>\n\n\n\n<figure class=\"wp-block-image size-large\"><img loading=\"lazy\" decoding=\"async\" width=\"1024\" height=\"577\" data-id=\"942\" src=\"https:\/\/ulmer-freidenker.de\/wp-content\/uploads\/2025\/05\/P1144424_small-1024x577.jpg\" alt=\"Auf dem Bild ist Dr. Nicola Wenge, Historikerin und wissenschaftliche Leitung des DZOK, bei ihrer Rede zum 80. Jahrestag der Befreiung vom Faschismus im Stadthaus Ulm zu sehen. Eine sehr differenzierte Betrachtung der Bedeutung und Einsch\u00e4tzung des 08. Mai und seiner Bedeutung. Foto: Konrad Sedding\" class=\"wp-image-942\" srcset=\"https:\/\/ulmer-freidenker.de\/wp-content\/uploads\/2025\/05\/P1144424_small-1024x577.jpg 1024w, https:\/\/ulmer-freidenker.de\/wp-content\/uploads\/2025\/05\/P1144424_small-300x169.jpg 300w, https:\/\/ulmer-freidenker.de\/wp-content\/uploads\/2025\/05\/P1144424_small-768x433.jpg 768w, https:\/\/ulmer-freidenker.de\/wp-content\/uploads\/2025\/05\/P1144424_small-1536x865.jpg 1536w, https:\/\/ulmer-freidenker.de\/wp-content\/uploads\/2025\/05\/P1144424_small.jpg 1917w\" sizes=\"auto, (max-width: 1024px) 100vw, 1024px\" \/><\/figure>\n\n\n\n<figure class=\"wp-block-image size-large\"><img loading=\"lazy\" decoding=\"async\" width=\"989\" height=\"1024\" data-id=\"954\" src=\"https:\/\/ulmer-freidenker.de\/wp-content\/uploads\/2025\/05\/P1144392_small-989x1024.jpg\" alt=\"Claudia Feuchter, stellv. Vorsitzende der Freidenkerinnen und Freidenker Ulm\/Neu-Ulm bei der Moderation des Festaktes zum 80. Jahrestag der Befreiung vom Faschismus im Stadthaus Ulm. Foto: Konrad Sedding\" class=\"wp-image-954\" srcset=\"https:\/\/ulmer-freidenker.de\/wp-content\/uploads\/2025\/05\/P1144392_small-989x1024.jpg 989w, https:\/\/ulmer-freidenker.de\/wp-content\/uploads\/2025\/05\/P1144392_small-290x300.jpg 290w, https:\/\/ulmer-freidenker.de\/wp-content\/uploads\/2025\/05\/P1144392_small-768x795.jpg 768w, https:\/\/ulmer-freidenker.de\/wp-content\/uploads\/2025\/05\/P1144392_small.jpg 1043w\" sizes=\"auto, (max-width: 989px) 100vw, 989px\" \/><\/figure>\n\n\n\n<figure class=\"wp-block-image size-large\"><img loading=\"lazy\" decoding=\"async\" width=\"1024\" height=\"577\" data-id=\"946\" src=\"https:\/\/ulmer-freidenker.de\/wp-content\/uploads\/2025\/05\/P1144579_small-1024x577.jpg\" alt=\"Auf dem Bild ist Turiner Trio \u201eLa Desband\u00e1\u201c bei seinem Auftritt zum 80. Jahrestag der Befreiung vom Faschismus im Stadthaus Ulm zu sehen. Das Trio besteht, wie auf dem Bild zu sehen aus Tiziana Cappellino am Fl\u00fcgel, L\u00f3pez Massimo Sartori mit einer E-Guitarre und der Gitarristin und S\u00e4ngerin Angeles Agyado. Es sang Lieder des Widerstands gegen das Franco-Regimes, die Nazidiktatur sowie antifaschistische und Antikriegslieder. Foto: Konrad Sedding\" class=\"wp-image-946\" srcset=\"https:\/\/ulmer-freidenker.de\/wp-content\/uploads\/2025\/05\/P1144579_small-1024x577.jpg 1024w, https:\/\/ulmer-freidenker.de\/wp-content\/uploads\/2025\/05\/P1144579_small-300x169.jpg 300w, https:\/\/ulmer-freidenker.de\/wp-content\/uploads\/2025\/05\/P1144579_small-768x433.jpg 768w, https:\/\/ulmer-freidenker.de\/wp-content\/uploads\/2025\/05\/P1144579_small-1536x865.jpg 1536w, https:\/\/ulmer-freidenker.de\/wp-content\/uploads\/2025\/05\/P1144579_small.jpg 1917w\" sizes=\"auto, (max-width: 1024px) 100vw, 1024px\" \/><\/figure>\n\n\n\n<figure class=\"wp-block-image size-large\"><img loading=\"lazy\" decoding=\"async\" width=\"1024\" height=\"576\" data-id=\"951\" src=\"https:\/\/ulmer-freidenker.de\/wp-content\/uploads\/2025\/05\/P1144365_g_small-1024x576.jpg\" alt=\"Auf dem Bild ist die Gitarristin und S\u00e4ngerin Angeles Agyado beim Auftritt des Turiner Trio \u201eLa Desband\u00e1\u201c bei seinem Auftritt zum 80. Jahrestag der Befreiung vom Faschismus im Stadthaus Ulm zu sehen. Sie spielt Guitarre und vor ihr steht ein Notenst\u00e4nder. Foto: Konrad Sedding\" class=\"wp-image-951\" srcset=\"https:\/\/ulmer-freidenker.de\/wp-content\/uploads\/2025\/05\/P1144365_g_small-1024x576.jpg 1024w, https:\/\/ulmer-freidenker.de\/wp-content\/uploads\/2025\/05\/P1144365_g_small-300x169.jpg 300w, https:\/\/ulmer-freidenker.de\/wp-content\/uploads\/2025\/05\/P1144365_g_small-768x432.jpg 768w, https:\/\/ulmer-freidenker.de\/wp-content\/uploads\/2025\/05\/P1144365_g_small-1536x864.jpg 1536w, https:\/\/ulmer-freidenker.de\/wp-content\/uploads\/2025\/05\/P1144365_g_small.jpg 1920w\" sizes=\"auto, (max-width: 1024px) 100vw, 1024px\" \/><\/figure>\n\n\n\n<figure class=\"wp-block-image size-large\"><img loading=\"lazy\" decoding=\"async\" width=\"744\" height=\"1024\" data-id=\"950\" src=\"https:\/\/ulmer-freidenker.de\/wp-content\/uploads\/2025\/05\/P1144358_g_small-744x1024.jpg\" alt=\"Auf dem Bild ist L\u00f3pez Massimo Sartori mit Klarinette beim Auftritt des Turiner Trio \u201eLa Desband\u00e1\u201c bei seinem Auftritt zum 80. Jahrestag der Befreiung vom Faschismus im Stadthaus Ulm zu sehen. Foto: Konrad Sedding\" class=\"wp-image-950\" srcset=\"https:\/\/ulmer-freidenker.de\/wp-content\/uploads\/2025\/05\/P1144358_g_small-744x1024.jpg 744w, https:\/\/ulmer-freidenker.de\/wp-content\/uploads\/2025\/05\/P1144358_g_small-218x300.jpg 218w, https:\/\/ulmer-freidenker.de\/wp-content\/uploads\/2025\/05\/P1144358_g_small-768x1057.jpg 768w, https:\/\/ulmer-freidenker.de\/wp-content\/uploads\/2025\/05\/P1144358_g_small.jpg 785w\" sizes=\"auto, (max-width: 744px) 100vw, 744px\" \/><\/figure>\n\n\n\n<figure class=\"wp-block-image size-large\"><img loading=\"lazy\" decoding=\"async\" width=\"1024\" height=\"577\" data-id=\"947\" src=\"https:\/\/ulmer-freidenker.de\/wp-content\/uploads\/2025\/05\/P1144587_small-1024x577.jpg\" alt=\"Foto: Konrad Sedding\" class=\"wp-image-947\" srcset=\"https:\/\/ulmer-freidenker.de\/wp-content\/uploads\/2025\/05\/P1144587_small-1024x577.jpg 1024w, https:\/\/ulmer-freidenker.de\/wp-content\/uploads\/2025\/05\/P1144587_small-300x169.jpg 300w, https:\/\/ulmer-freidenker.de\/wp-content\/uploads\/2025\/05\/P1144587_small-768x433.jpg 768w, https:\/\/ulmer-freidenker.de\/wp-content\/uploads\/2025\/05\/P1144587_small-1536x865.jpg 1536w, https:\/\/ulmer-freidenker.de\/wp-content\/uploads\/2025\/05\/P1144587_small.jpg 1917w\" sizes=\"auto, (max-width: 1024px) 100vw, 1024px\" \/><\/figure>\n\n\n\n<figure class=\"wp-block-image size-large\"><img loading=\"lazy\" decoding=\"async\" width=\"1024\" height=\"577\" data-id=\"948\" src=\"https:\/\/ulmer-freidenker.de\/wp-content\/uploads\/2025\/05\/P1144606_small-1024x577.jpg\" alt=\"Auf dem Bild ist Tiziana Cappellino beim Auftritt des Turiner Trio \u201eLa Desband\u00e1\u201c bei seinem Auftritt zum 80. Jahrestag der Befreiung vom Faschismus im Stadthaus Ulm zu sehen. Sie spielte am Fl\u00fcgel. Foto: Konrad Sedding\" class=\"wp-image-948\" srcset=\"https:\/\/ulmer-freidenker.de\/wp-content\/uploads\/2025\/05\/P1144606_small-1024x577.jpg 1024w, https:\/\/ulmer-freidenker.de\/wp-content\/uploads\/2025\/05\/P1144606_small-300x169.jpg 300w, https:\/\/ulmer-freidenker.de\/wp-content\/uploads\/2025\/05\/P1144606_small-768x433.jpg 768w, https:\/\/ulmer-freidenker.de\/wp-content\/uploads\/2025\/05\/P1144606_small-1536x865.jpg 1536w, https:\/\/ulmer-freidenker.de\/wp-content\/uploads\/2025\/05\/P1144606_small.jpg 1917w\" sizes=\"auto, (max-width: 1024px) 100vw, 1024px\" \/><\/figure>\n\n\n\n<figure class=\"wp-block-image size-large\"><img loading=\"lazy\" decoding=\"async\" width=\"1024\" height=\"576\" data-id=\"939\" src=\"https:\/\/ulmer-freidenker.de\/wp-content\/uploads\/2025\/05\/P1144676_totale-1024x576.jpg\" alt=\"Auf dem Bild ist Turiner Trio \u201eLa Desband\u00e1\u201c bei seinem Auftritt zum 80. Jahrestag der Befreiung vom Faschismus im Stadthaus Ulm zu sehen. Das Trio besteht, wie auf dem Bild zu sehen aus Tiziana Cappellino am Fl\u00fcgel, L\u00f3pez Massimo Sartori am Kontrabass und der Gitarristin und S\u00e4ngerin Angeles Agyado. Das Bild ist eine Totale und zeigt neben dert B\u00fchne auch viele Zuschauerreihen. Foto: Konrad Sedding\" class=\"wp-image-939\" srcset=\"https:\/\/ulmer-freidenker.de\/wp-content\/uploads\/2025\/05\/P1144676_totale-1024x576.jpg 1024w, https:\/\/ulmer-freidenker.de\/wp-content\/uploads\/2025\/05\/P1144676_totale-300x169.jpg 300w, https:\/\/ulmer-freidenker.de\/wp-content\/uploads\/2025\/05\/P1144676_totale-768x432.jpg 768w, https:\/\/ulmer-freidenker.de\/wp-content\/uploads\/2025\/05\/P1144676_totale-1536x864.jpg 1536w, https:\/\/ulmer-freidenker.de\/wp-content\/uploads\/2025\/05\/P1144676_totale.jpg 1920w\" sizes=\"auto, (max-width: 1024px) 100vw, 1024px\" \/><\/figure>\n\n\n\n<figure class=\"wp-block-image size-large\"><img loading=\"lazy\" decoding=\"async\" width=\"1024\" height=\"576\" data-id=\"940\" src=\"https:\/\/ulmer-freidenker.de\/wp-content\/uploads\/2025\/05\/P1144657_small-1024x576.jpg\" alt=\"Auf dem Bild ist L\u00f3pez Massimo Sartori mit Klarinette beim Auftritt des Turiner Trio \u201eLa Desband\u00e1\u201c bei seinem Auftritt zum 80. Jahrestag der Befreiung vom Faschismus im Stadthaus Ulm zu sehen. Im Hintergrund sitzt Tiziana Cappellino am Fl\u00fcgel. Foto: Konrad Sedding\" class=\"wp-image-940\" srcset=\"https:\/\/ulmer-freidenker.de\/wp-content\/uploads\/2025\/05\/P1144657_small-1024x576.jpg 1024w, https:\/\/ulmer-freidenker.de\/wp-content\/uploads\/2025\/05\/P1144657_small-300x169.jpg 300w, https:\/\/ulmer-freidenker.de\/wp-content\/uploads\/2025\/05\/P1144657_small-768x432.jpg 768w, https:\/\/ulmer-freidenker.de\/wp-content\/uploads\/2025\/05\/P1144657_small-1536x864.jpg 1536w, https:\/\/ulmer-freidenker.de\/wp-content\/uploads\/2025\/05\/P1144657_small.jpg 1920w\" sizes=\"auto, (max-width: 1024px) 100vw, 1024px\" \/><\/figure>\n\n\n\n<figure class=\"wp-block-image size-large\"><img loading=\"lazy\" decoding=\"async\" width=\"1024\" height=\"906\" data-id=\"944\" src=\"https:\/\/ulmer-freidenker.de\/wp-content\/uploads\/2025\/05\/P1144505_tiziana_small-1024x906.jpg\" alt=\"Auf dem Bild ist Tiziana Cappellino beim Auftritt des Turiner Trio \u201eLa Desband\u00e1\u201c bei seinem Auftritt zum 80. Jahrestag der Befreiung vom Faschismus im Stadthaus Ulm zu sehen. Sie spielte am Fl\u00fcgel. Foto: Konrad Sedding Foto: Konrad Sedding\" class=\"wp-image-944\" srcset=\"https:\/\/ulmer-freidenker.de\/wp-content\/uploads\/2025\/05\/P1144505_tiziana_small-1024x906.jpg 1024w, https:\/\/ulmer-freidenker.de\/wp-content\/uploads\/2025\/05\/P1144505_tiziana_small-300x265.jpg 300w, https:\/\/ulmer-freidenker.de\/wp-content\/uploads\/2025\/05\/P1144505_tiziana_small-768x679.jpg 768w, https:\/\/ulmer-freidenker.de\/wp-content\/uploads\/2025\/05\/P1144505_tiziana_small.jpg 1221w\" sizes=\"auto, (max-width: 1024px) 100vw, 1024px\" \/><\/figure>\n\n\n\n<figure class=\"wp-block-image size-large\"><img loading=\"lazy\" decoding=\"async\" width=\"1024\" height=\"577\" data-id=\"952\" src=\"https:\/\/ulmer-freidenker.de\/wp-content\/uploads\/2025\/05\/P1144379_small-1024x577.jpg\" alt=\"Auf dem Bild ist Turiner Trio \u201eLa Desband\u00e1\u201c bei seinem Auftritt zum 80. Jahrestag der Befreiung vom Faschismus im Stadthaus Ulm zu sehen. Das Trio besteht, wie auf dem Bild zu sehen aus Tiziana Cappellino am Fl\u00fcgel, L\u00f3pez Massimo Sartori mit einer E-Guitarre und der Gitarristin und S\u00e4ngerin Angeles Agyado. Es sang Lieder des Widerstands gegen das Franco-Regimes, die Nazidiktatur sowie antifaschistische und Antikriegslieder. Foto: Konrad Sedding\" class=\"wp-image-952\" srcset=\"https:\/\/ulmer-freidenker.de\/wp-content\/uploads\/2025\/05\/P1144379_small-1024x577.jpg 1024w, https:\/\/ulmer-freidenker.de\/wp-content\/uploads\/2025\/05\/P1144379_small-300x169.jpg 300w, https:\/\/ulmer-freidenker.de\/wp-content\/uploads\/2025\/05\/P1144379_small-768x433.jpg 768w, https:\/\/ulmer-freidenker.de\/wp-content\/uploads\/2025\/05\/P1144379_small-1536x865.jpg 1536w, https:\/\/ulmer-freidenker.de\/wp-content\/uploads\/2025\/05\/P1144379_small.jpg 1917w\" sizes=\"auto, (max-width: 1024px) 100vw, 1024px\" \/><\/figure>\n\n\n\n<figure class=\"wp-block-image size-large\"><img loading=\"lazy\" decoding=\"async\" width=\"1024\" height=\"577\" data-id=\"949\" src=\"https:\/\/ulmer-freidenker.de\/wp-content\/uploads\/2025\/05\/P1144616_small-1024x577.jpg\" alt=\"Auf dem Bild ist Turiner Trio \u201eLa Desband\u00e1\u201c bei seinem Auftritt zum 80. Jahrestag der Befreiung vom Faschismus im Stadthaus Ulm zu sehen. Das Trio besteht, wie auf dem Bild zu sehen aus Tiziana Cappellino am Fl\u00fcgel, L\u00f3pez Massimo Sartori mit einer E-Guitarre und der Gitarristin und S\u00e4ngerin Angeles Agyado. Es sang Lieder des Widerstands gegen das Franco-Regimes, die Nazidiktatur sowie antifaschistische und Antikriegslieder. Foto: Konrad Sedding\" class=\"wp-image-949\" srcset=\"https:\/\/ulmer-freidenker.de\/wp-content\/uploads\/2025\/05\/P1144616_small-1024x577.jpg 1024w, https:\/\/ulmer-freidenker.de\/wp-content\/uploads\/2025\/05\/P1144616_small-300x169.jpg 300w, https:\/\/ulmer-freidenker.de\/wp-content\/uploads\/2025\/05\/P1144616_small-768x433.jpg 768w, https:\/\/ulmer-freidenker.de\/wp-content\/uploads\/2025\/05\/P1144616_small-1536x865.jpg 1536w, https:\/\/ulmer-freidenker.de\/wp-content\/uploads\/2025\/05\/P1144616_small.jpg 1917w\" sizes=\"auto, (max-width: 1024px) 100vw, 1024px\" \/><\/figure>\n\n\n\n<figure class=\"wp-block-image size-large\"><img loading=\"lazy\" decoding=\"async\" width=\"838\" height=\"1024\" data-id=\"953\" src=\"https:\/\/ulmer-freidenker.de\/wp-content\/uploads\/2025\/05\/P1144386_g_small-838x1024.jpg\" alt=\"Auf dem Bild ist Tiziana Cappellino beim Auftritt des Turiner Trio \u201eLa Desband\u00e1\u201c bei seinem Auftritt zum 80. Jahrestag der Befreiung vom Faschismus im Stadthaus Ulm zu sehen. Sie spielte am Fl\u00fcgel. Foto: Konrad Sedding\" class=\"wp-image-953\" srcset=\"https:\/\/ulmer-freidenker.de\/wp-content\/uploads\/2025\/05\/P1144386_g_small-838x1024.jpg 838w, https:\/\/ulmer-freidenker.de\/wp-content\/uploads\/2025\/05\/P1144386_g_small-246x300.jpg 246w, https:\/\/ulmer-freidenker.de\/wp-content\/uploads\/2025\/05\/P1144386_g_small-768x938.jpg 768w, https:\/\/ulmer-freidenker.de\/wp-content\/uploads\/2025\/05\/P1144386_g_small.jpg 884w\" sizes=\"auto, (max-width: 838px) 100vw, 838px\" \/><\/figure>\n\n\n\n<figure class=\"wp-block-image size-large\"><img loading=\"lazy\" decoding=\"async\" width=\"1024\" height=\"768\" data-id=\"937\" src=\"https:\/\/ulmer-freidenker.de\/wp-content\/uploads\/2025\/05\/IMG_20250508_203127-1024x768.jpg\" alt=\"Auf dem Bild ist Turiner Trio \u201eLa Desband\u00e1\u201c bei seinem Auftritt zum 80. Jahrestag der Befreiung vom Faschismus im Stadthaus Ulm und die ersten Reihen des Publikums. Von dem Trio sind Tiziana Cappellino am Fl\u00fcgel und die Gitarristin und S\u00e4ngerin Angeles Agyado zu sehen. Foto: Johannes Glembek\" class=\"wp-image-937\" srcset=\"https:\/\/ulmer-freidenker.de\/wp-content\/uploads\/2025\/05\/IMG_20250508_203127-1024x768.jpg 1024w, https:\/\/ulmer-freidenker.de\/wp-content\/uploads\/2025\/05\/IMG_20250508_203127-300x225.jpg 300w, https:\/\/ulmer-freidenker.de\/wp-content\/uploads\/2025\/05\/IMG_20250508_203127-768x576.jpg 768w, https:\/\/ulmer-freidenker.de\/wp-content\/uploads\/2025\/05\/IMG_20250508_203127-1536x1152.jpg 1536w, https:\/\/ulmer-freidenker.de\/wp-content\/uploads\/2025\/05\/IMG_20250508_203127-2048x1536.jpg 2048w\" sizes=\"auto, (max-width: 1024px) 100vw, 1024px\" \/><\/figure>\n\n\n\n<figure class=\"wp-block-image size-large\"><img loading=\"lazy\" decoding=\"async\" width=\"768\" height=\"1024\" data-id=\"936\" src=\"https:\/\/ulmer-freidenker.de\/wp-content\/uploads\/2025\/05\/IMG_20250508_201321-768x1024.jpg\" alt=\"Auf dem Bild ist Turiner Trio \u201eLa Desband\u00e1\u201c bei seinem Auftritt zum 80. Jahrestag der Befreiung vom Faschismus im Stadthaus Ulm zu sehen. Das Trio besteht, wie auf dem Bild zu sehen aus Tiziana Cappellino am Fl\u00fcgel, L\u00f3pez Massimo Sartori am Kontrabass und der Gitarristin und S\u00e4ngerin Angeles Agyado. Es sang Lieder des Widerstands gegen das Franco-Regimes, die Nazidiktatur sowie antifaschistische und Antikriegslieder. Foto: Johannes Glembek\" class=\"wp-image-936\" srcset=\"https:\/\/ulmer-freidenker.de\/wp-content\/uploads\/2025\/05\/IMG_20250508_201321-768x1024.jpg 768w, https:\/\/ulmer-freidenker.de\/wp-content\/uploads\/2025\/05\/IMG_20250508_201321-225x300.jpg 225w, https:\/\/ulmer-freidenker.de\/wp-content\/uploads\/2025\/05\/IMG_20250508_201321-1152x1536.jpg 1152w, https:\/\/ulmer-freidenker.de\/wp-content\/uploads\/2025\/05\/IMG_20250508_201321-1536x2048.jpg 1536w, https:\/\/ulmer-freidenker.de\/wp-content\/uploads\/2025\/05\/IMG_20250508_201321-scaled.jpg 1920w\" sizes=\"auto, (max-width: 768px) 100vw, 768px\" \/><\/figure>\n\n\n\n<figure class=\"wp-block-image size-large\"><img loading=\"lazy\" decoding=\"async\" width=\"887\" height=\"1024\" data-id=\"945\" src=\"https:\/\/ulmer-freidenker.de\/wp-content\/uploads\/2025\/05\/P1144546_small-887x1024.jpg\" alt=\"Der \u00dcbersetzer des Abend ist bei seiner Engagierten \u00dcbersetzung hinter einem Rednerpult zu sehen. Foto: Konrad Sedding\" class=\"wp-image-945\" srcset=\"https:\/\/ulmer-freidenker.de\/wp-content\/uploads\/2025\/05\/P1144546_small-887x1024.jpg 887w, https:\/\/ulmer-freidenker.de\/wp-content\/uploads\/2025\/05\/P1144546_small-260x300.jpg 260w, https:\/\/ulmer-freidenker.de\/wp-content\/uploads\/2025\/05\/P1144546_small-768x886.jpg 768w, https:\/\/ulmer-freidenker.de\/wp-content\/uploads\/2025\/05\/P1144546_small.jpg 936w\" sizes=\"auto, (max-width: 887px) 100vw, 887px\" \/><\/figure>\n\n\n\n<figure class=\"wp-block-image size-large\"><img loading=\"lazy\" decoding=\"async\" width=\"1024\" height=\"819\" data-id=\"938\" src=\"https:\/\/ulmer-freidenker.de\/wp-content\/uploads\/2025\/05\/IMG_20250508_175937-1024x819.jpg\" alt=\"Programm des Konzertes &quot;Lieder gegen den Krieg \u2013 Festakt zum 80. Jahrestag der Befreiung vom Faschismus&quot; am 8. Mai 2025 im Stadthaus Ulm. Neben Reden des Ulmer Oberb\u00fcrgermeister Ansbacher und der wissenschaftlichen Leitung des DZOK, Dr. Wenge spielte das Turiner Trio La Desbanda antifaschistische Lieder.\" class=\"wp-image-938\" srcset=\"https:\/\/ulmer-freidenker.de\/wp-content\/uploads\/2025\/05\/IMG_20250508_175937-1024x819.jpg 1024w, https:\/\/ulmer-freidenker.de\/wp-content\/uploads\/2025\/05\/IMG_20250508_175937-300x240.jpg 300w, https:\/\/ulmer-freidenker.de\/wp-content\/uploads\/2025\/05\/IMG_20250508_175937-768x614.jpg 768w, https:\/\/ulmer-freidenker.de\/wp-content\/uploads\/2025\/05\/IMG_20250508_175937-1536x1229.jpg 1536w, https:\/\/ulmer-freidenker.de\/wp-content\/uploads\/2025\/05\/IMG_20250508_175937-2048x1638.jpg 2048w\" sizes=\"auto, (max-width: 1024px) 100vw, 1024px\" \/><\/figure>\n<\/figure>\n\n\n\n<p>Fotos: Konrad Sedding \/ Johannes Glembek, Videos: Konrad Sedding<\/p>\n\n\n\n<p><\/p>\n","protected":false},"excerpt":{"rendered":"<p>Mit einem w\u00fcrdigen Festakt gedachten gestern \u00fcber rund 150 Ulmerinnen und Ulmer dem Tag der Befreiung vom Faschismus. Im Stadthaus<\/p>\n","protected":false},"author":1,"featured_media":939,"comment_status":"closed","ping_status":"open","sticky":false,"template":"","format":"standard","meta":{"colormag_page_container_layout":"default_layout","colormag_page_sidebar_layout":"default_layout","footnotes":""},"categories":[17,3,16],"tags":[136,158,156,159,161,160,137,157,108],"class_list":["post-923","post","type-post","status-publish","format-standard","has-post-thumbnail","hentry","category-freidenkerinnen","category-pressemitteilung","category-veranstaltung","tag-8mai-2","tag-8mai1945","tag-8mai2025-2","tag-neuulm-2","tag-niewiederistjetzt","tag-niewiederkrieg","tag-tagderbefreiung","tag-tagderbefreiungvomfaschismus-2","tag-ulm-2"],"_links":{"self":[{"href":"https:\/\/ulmer-freidenker.de\/index.php?rest_route=\/wp\/v2\/posts\/923","targetHints":{"allow":["GET"]}}],"collection":[{"href":"https:\/\/ulmer-freidenker.de\/index.php?rest_route=\/wp\/v2\/posts"}],"about":[{"href":"https:\/\/ulmer-freidenker.de\/index.php?rest_route=\/wp\/v2\/types\/post"}],"author":[{"embeddable":true,"href":"https:\/\/ulmer-freidenker.de\/index.php?rest_route=\/wp\/v2\/users\/1"}],"replies":[{"embeddable":true,"href":"https:\/\/ulmer-freidenker.de\/index.php?rest_route=%2Fwp%2Fv2%2Fcomments&post=923"}],"version-history":[{"count":5,"href":"https:\/\/ulmer-freidenker.de\/index.php?rest_route=\/wp\/v2\/posts\/923\/revisions"}],"predecessor-version":[{"id":957,"href":"https:\/\/ulmer-freidenker.de\/index.php?rest_route=\/wp\/v2\/posts\/923\/revisions\/957"}],"wp:featuredmedia":[{"embeddable":true,"href":"https:\/\/ulmer-freidenker.de\/index.php?rest_route=\/wp\/v2\/media\/939"}],"wp:attachment":[{"href":"https:\/\/ulmer-freidenker.de\/index.php?rest_route=%2Fwp%2Fv2%2Fmedia&parent=923"}],"wp:term":[{"taxonomy":"category","embeddable":true,"href":"https:\/\/ulmer-freidenker.de\/index.php?rest_route=%2Fwp%2Fv2%2Fcategories&post=923"},{"taxonomy":"post_tag","embeddable":true,"href":"https:\/\/ulmer-freidenker.de\/index.php?rest_route=%2Fwp%2Fv2%2Ftags&post=923"}],"curies":[{"name":"wp","href":"https:\/\/api.w.org\/{rel}","templated":true}]}}